[{"@context":"https:\/\/schema.org\/","@type":"Article","@id":"https:\/\/www.etre.cz\/tezke-detstvi-karla-maye\/#Article","mainEntityOfPage":"https:\/\/www.etre.cz\/tezke-detstvi-karla-maye\/","headline":"T\u011b\u017ek\u00e9 d\u011btstv\u00ed Karla Maye","name":"T\u011b\u017ek\u00e9 d\u011btstv\u00ed Karla Maye","description":"Spisovatel\u00e9 a spisovatelky v\u0161ech dob n\u00e1s nikdy nep\u0159estanou fascinovat svou fantazi\u00ed, kter\u00e1 jim umo\u017enuje vym\u00fd\u0161let pravd\u011bpodobn\u00e9 nebo i m\u00e9n\u011b uv\u011b\u0159iteln\u00e9 p\u0159\u00edb\u011bhy. Mnohdy se ale za jejich p\u0159\u00edb\u011bhy skr\u00fdvaj\u00ed jejich osobn\u00ed \u017eivotn\u00ed prohry nebo traumata z d\u011btstv\u00ed. Jedn\u00edm z takov\u00fdch spisovatel\u016f, jen\u017e m\u011bl opravdu nelehk\u00fd \u017eivot, byl i slavn\u00fd stvo\u0159itel Vinnetoua","datePublished":"2023-05-07","dateModified":"2023-05-07","author":{"@type":"Person","@id":"https:\/\/www.etre.cz\/author\/#Person","name":"","url":"https:\/\/www.etre.cz\/author\/","identifier":1,"image":{"@type":"ImageObject","@id":"https:\/\/secure.gravatar.com\/avatar\/32bc2d377216483c132a3bbf038b8838926e0616f1b3d0e9cb50d997f0b052ba?s=96&d=mm&r=g","url":"https:\/\/secure.gravatar.com\/avatar\/32bc2d377216483c132a3bbf038b8838926e0616f1b3d0e9cb50d997f0b052ba?s=96&d=mm&r=g","height":96,"width":96}},"publisher":{"@type":"Organization","name":"etre.cz","logo":{"@type":"ImageObject","@id":"\/logo.png","url":"\/logo.png","width":600,"height":60}},"image":{"@type":"ImageObject","@id":"https:\/\/www.etre.cz\/wp-content\/uploads\/img_a297518_w2095_t1507970689.jpg","url":"https:\/\/www.etre.cz\/wp-content\/uploads\/img_a297518_w2095_t1507970689.jpg","height":0,"width":0},"url":"https:\/\/www.etre.cz\/tezke-detstvi-karla-maye\/","wordCount":380,"articleBody":"Spisovatel\u00e9 a spisovatelky v\u0161ech dob n\u00e1s nikdy nep\u0159estanou fascinovat svou fantazi\u00ed, kter\u00e1 jim umo\u017enuje vym\u00fd\u0161let pravd\u011bpodobn\u00e9 nebo i m\u00e9n\u011b uv\u011b\u0159iteln\u00e9 p\u0159\u00edb\u011bhy. Mnohdy se ale za jejich p\u0159\u00edb\u011bhy skr\u00fdvaj\u00ed jejich osobn\u00ed \u017eivotn\u00ed prohry nebo traumata z d\u011btstv\u00ed. Jedn\u00edm z takov\u00fdch spisovatel\u016f, jen\u017e m\u011bl opravdu nelehk\u00fd \u017eivot, byl i slavn\u00fd stvo\u0159itel Vinnetoua a jeho bratra Old Shatterhanda. Karl May se narodil do opravdu po\u010detn\u00e9 rodiny, kter\u00e1 se neust\u00e1le rozr\u016fstala. Po\u010det d\u011bt\u00ed se nakonec ust\u00e1lil na \u010dtrn\u00e1cti. Ne na dlouho. Rodina \u017eila v tak hrozn\u00e9 chudob\u011b, \u017ee se dev\u011bt d\u011bt\u00ed nedo\u017eilo ani sv\u00fdch druh\u00fdch narozenin.\u00b7\u00a0\u00a0\u00a0\u00a0\u00a0\u00a0\u00a0 Spisovatel pozd\u011bji vzpom\u00edn\u00e1 na sv\u00e9 nelehk\u00e9 d\u011btstv\u00ed v krut\u00e9 chudob\u011b.\u00b7\u00a0\u00a0\u00a0\u00a0\u00a0\u00a0\u00a0 Chod\u00edval pr\u00fd k hostinsk\u00e9mu pro bramborov\u00e9 slupky a k mlyn\u00e1\u0159i pro mou\u010dn\u00fd prach.\u00b7\u00a0\u00a0\u00a0\u00a0\u00a0\u00a0\u00a0 Na poli trhali lebedu, ze kter\u00e9 va\u0159ili pol\u00e9vku.\tTouha po lep\u0161\u00edm sv\u011bt\u011b?Hlad v d\u011btstv\u00ed zp\u016fsobil dokonce i do\u010dasnou slepotu a k\u0159ivici. Vzhledem k tomu, \u017ee byla jeho matka porodn\u00ed asistentkou, mohla jeho z\u00e1va\u017en\u00fd stav konzultovat s l\u00e9ka\u0159em, kter\u00fd doporu\u010dil l\u00e9\u010dbu ryb\u00edm tukem. L\u00e9\u010dba zabrala a mal\u00fd Karl se uzdravuje. Pokud by si n\u011bkdo myslel, \u017ee nad t\u00edm srdce jeho otce zaplesalo, byl by na omylu. Mo\u017en\u00e1, \u017ee ze synova uzdraven\u00ed radost m\u011bl, ale najevo to p\u0159\u00edli\u0161 ned\u00e1val.o\u00a0\u00a0 A\u010dkoliv je mal\u00fd Karl ve \u0161kole br\u00e1n za talentovan\u00e9ho a chytr\u00e9ho studenta, otci to zdaleka nesta\u010d\u00ed.o\u00a0\u00a0 Chlapec mus\u00ed cel\u00e9 hodiny sed\u011bt nad knihami a opisovat s\u00e1hodlouh\u00e9 pas\u00e1\u017ee z encyklopedi\u00ed a modlitebn\u00edch kn\u00ed\u017eek.&#8211;\u00a0\u00a0\u00a0\u00a0\u00a0\u00a0\u00a0\u00a0 Jinak hroz\u00ed v\u00fdprask.K tomu bere soukrom\u00e9 hodiny klav\u00edru, housl\u00ed a varhan. D\u00e1le studuje angli\u010dtinu a francouz\u0161tinu.Jak to jde dohromady s extr\u00e9mn\u00ed chudobou jeho rodiny? Na hodiny v\u00fduky si mus\u00ed vyd\u011bl\u00e1vat s\u00e1m.\u00b7\u00a0\u00a0\u00a0\u00a0\u00a0\u00a0\u00a0 Mo\u017en\u00e1 pr\u00e1v\u011b kv\u016fli t\u011b\u017ek\u00e9mu d\u011btstv\u00ed m\u011bl Karl May sv\u011bt rozd\u011blen na dobr\u00fd a \u0161patn\u00fd.\u00b7\u00a0\u00a0\u00a0\u00a0\u00a0\u00a0\u00a0 Jeho hrdinov\u00e9 byli bu\u010f naprosto b\u00edl\u00ed nebo zcela \u010dern\u00ed.\u00b7\u00a0\u00a0\u00a0\u00a0\u00a0\u00a0\u00a0\u00a0 I kdy\u017e se jednalo o rud\u00e9 bratry.                                                                                                                                                                                                                                                                                                                                                                                        3.9\/5 - (9 votes)        "},{"@context":"https:\/\/schema.org\/","@type":"BreadcrumbList","itemListElement":[{"@type":"ListItem","position":1,"name":"T\u011b\u017ek\u00e9 d\u011btstv\u00ed Karla Maye","item":"https:\/\/www.etre.cz\/tezke-detstvi-karla-maye\/#breadcrumbitem"}]}]