[{"@context":"https:\/\/schema.org\/","@type":"Article","@id":"https:\/\/www.etre.cz\/prazdnym-domum-je-potreba-vratit-zivot\/#Article","mainEntityOfPage":"https:\/\/www.etre.cz\/prazdnym-domum-je-potreba-vratit-zivot\/","headline":"Pr\u00e1zdn\u00fdm dom\u016fm je pot\u0159eba vr\u00e1tit \u017eivot","name":"Pr\u00e1zdn\u00fdm dom\u016fm je pot\u0159eba vr\u00e1tit \u017eivot","description":"Kdy\u017e se sejde p\u00e1r jedinc\u016f s dobr\u00fdm n\u00e1padem a chut\u00ed n\u011bco zm\u011bnit, je to v\u017edy pro dobrou v\u011bc. Tak funguje pr\u00e1v\u011b port\u00e1l Pr\u00e1zdn\u00e9 domy, kter\u00fd mapuje vylidn\u011bn\u00e9 objekty v \u010cesk\u00e9 republice. Zat\u00edm je jich v datab\u00e1zi t\u00e9m\u011b\u0159 1500, z toho asi 250 v Praze. Pr\u00e1zdn\u00fd d\u016fm nen\u00ed \u017e\u00e1dn\u00e1 v\u00fdhra, krom\u011b","datePublished":"2023-05-07","dateModified":"2023-05-07","author":{"@type":"Person","@id":"https:\/\/www.etre.cz\/author\/#Person","name":"","url":"https:\/\/www.etre.cz\/author\/","identifier":1,"image":{"@type":"ImageObject","@id":"https:\/\/secure.gravatar.com\/avatar\/32bc2d377216483c132a3bbf038b8838926e0616f1b3d0e9cb50d997f0b052ba?s=96&d=mm&r=g","url":"https:\/\/secure.gravatar.com\/avatar\/32bc2d377216483c132a3bbf038b8838926e0616f1b3d0e9cb50d997f0b052ba?s=96&d=mm&r=g","height":96,"width":96}},"publisher":{"@type":"Organization","name":"etre.cz","logo":{"@type":"ImageObject","@id":"\/logo.png","url":"\/logo.png","width":600,"height":60}},"image":{"@type":"ImageObject","@id":"https:\/\/www.etre.cz\/wp-content\/uploads\/img_a295048_w2036_t1506686925.jpg","url":"https:\/\/www.etre.cz\/wp-content\/uploads\/img_a295048_w2036_t1506686925.jpg","height":0,"width":0},"url":"https:\/\/www.etre.cz\/prazdnym-domum-je-potreba-vratit-zivot\/","wordCount":413,"articleBody":"Kdy\u017e se sejde p\u00e1r jedinc\u016f s dobr\u00fdm n\u00e1padem a chut\u00ed n\u011bco zm\u011bnit, je to v\u017edy pro dobrou v\u011bc. Tak funguje pr\u00e1v\u011b port\u00e1l Pr\u00e1zdn\u00e9 domy, kter\u00fd mapuje vylidn\u011bn\u00e9 objekty v \u010cesk\u00e9 republice. Zat\u00edm je jich v datab\u00e1zi t\u00e9m\u011b\u0159 1500, z toho asi 250 v Praze. Pr\u00e1zdn\u00fd d\u016fm nen\u00ed \u017e\u00e1dn\u00e1 v\u00fdhra, krom\u011b toho \u017ee v dan\u00e9 lokalit\u011b kles\u00e1 cena nemovitost\u00ed, je sp\u00ed\u0161e probl\u00e9mem fakt, \u017ee d\u016fm bez obyvatel p\u0159itahuje r\u016fzn\u00e9 negativn\u00ed soci\u00e1ln\u00ed jevy.Dobrovoln\u00edci port\u00e1lu Pr\u00e1zdn\u00fd d\u016fm:&#8211;\u00a0\u00a0\u00a0\u00a0\u00a0\u00a0\u00a0 Vytv\u00e1\u0159\u00ed datab\u00e1zi pr\u00e1zdn\u00fdch obydl\u00ed v\u010detn\u011b fotografi\u00ed a konkr\u00e9tn\u00edch p\u0159\u00edb\u011bh\u016f, kter\u00e9 jsou s m\u00edstem spojeny.&#8211;\u00a0\u00a0\u00a0\u00a0\u00a0\u00a0\u00a0 Hledaj\u00ed p\u0159\u00ed\u010dinu stavu domu, sna\u017e\u00ed se kontaktovat majitele a upozor\u0148ovat je na neut\u011b\u0161en\u00fd stav budov. Bojuj\u00ed proti \u00fa\u010delov\u00e9mu ch\u00e1tr\u00e1n\u00ed budov.&#8211;\u00a0\u00a0\u00a0\u00a0\u00a0\u00a0\u00a0 Motivuj\u00ed jednotlivce a spolky, aby ch\u00e1traj\u00edc\u00ed objekty zachra\u0148ovali. Ukazuj\u00ed dobr\u00e9 p\u0159\u00edklady v praxi, kdy se z\u00e1chrana objektu poda\u0159\u00ed.&#8211;\u00a0\u00a0\u00a0\u00a0\u00a0\u00a0\u00a0 Ovliv\u0148uj\u00ed ostatn\u00ed, u\u010d\u00ed je v\u0161\u00edmat si sv\u00e9ho okol\u00ed, zaj\u00edmat se o v\u00fdznamn\u00e9 stavby a starat se o jejich osud.Medializace pr\u00e1zdn\u00fdch dom\u016f se iniciativ\u011b vede zejm\u00e9na v Praze. O t\u011bchto objektech bylo naps\u00e1no mnoho \u010dl\u00e1nku a n\u011bkte\u0159\u00ed majitel\u00e9 u\u017e s dobrovoln\u00edky i spolupracuj\u00ed. Nap\u0159. M\u011bstk\u00e1 \u010d\u00e1st Praha 7 si nechala od iniciativy zmapovat vybydlen\u00e9 objekty ve sv\u00e9 lokalit\u011b a hled\u00e1 jejich mo\u017en\u00e9 vyu\u017eit\u00ed. Nap\u0159. v pal\u00e1ci v Ciheln\u00e9 ulici se te\u010f ka\u017edoro\u010dn\u011b kon\u00e1 p\u0159ehl\u00eddka tvorby vysok\u00fdch um\u011bleck\u00fdch \u0161kol nazvan\u00e1 Pokoje. Studenti se tak pod\u00edl\u00ed na vybaven\u00ed a vyu\u017e\u00edt\u00ed jednotliv\u00fdch m\u00edstnost\u00ed dle sv\u00fdch p\u0159edstav. V\u00fdsledkem je netradi\u010dn\u00ed v\u00fdstava.Do datab\u00e1ze Pr\u00e1zdn\u00fdch dom\u016f m\u016f\u017ee sv\u016fj p\u0159\u00edsp\u011bvek poslat ka\u017ed\u00fd. Sta\u010d\u00ed zaslat na jejich email adresu pr\u00e1zdn\u00e9ho objektu. Dobrovoln\u00edci z iniciativy se pak u\u017e o v\u0161e postaraj\u00ed. M\u016f\u017eete ale tak\u00e9 samoz\u0159ejm\u011b p\u0159ilo\u017eit fotografie \u010di p\u0159\u00edb\u011bhy dan\u00e9ho domu a napomoci tak o\u017eivit jejich p\u0159\u00edb\u011bh. Ka\u017ed\u00fd d\u016fm m\u00e1 svou historii, obyvatele, kte\u0159\u00ed v n\u011bm pro\u017eili ur\u010ditou \u010d\u00e1st \u017eivota a n\u011bkdy jsou jejich vypr\u00e1v\u011bn\u00ed a spojen\u00ed s domy tak zaj\u00edmav\u00e9, \u017ee rozhodn\u011b stoj\u00ed za to, aby nez\u016fstali jen v jejich pam\u011btech.                                                                                                                                                                                                                                                                                                                                                                                        3.6\/5 - (12 votes)        "},{"@context":"https:\/\/schema.org\/","@type":"BreadcrumbList","itemListElement":[{"@type":"ListItem","position":1,"name":"Pr\u00e1zdn\u00fdm dom\u016fm je pot\u0159eba vr\u00e1tit \u017eivot","item":"https:\/\/www.etre.cz\/prazdnym-domum-je-potreba-vratit-zivot\/#breadcrumbitem"}]}]