[{"@context":"https:\/\/schema.org\/","@type":"Blog","@id":"https:\/\/www.etre.cz#Blog","headline":"Etre","description":"\nNa na\u0161\u00ed internetov\u00e9 str\u00e1nce v\u00e1m na svou \u010dest garantujeme, \u017ee sp\u00ed\u0161 vyjdete z vody su\u0161\u00ed, ne\u017e \u017ee tady najdete n\u011bco, co by byla v\u011bdom\u00e1 podl\u00e1 le\u017e.","url":"https:\/\/www.etre.cz","hasPart":[{"@type":"Article","@id":"https:\/\/www.etre.cz\/tekute-tapety-v-praxi\/","headline":"Tekut\u00e9 tapety v praxi","url":"https:\/\/www.etre.cz\/tekute-tapety-v-praxi\/","datePublished":"2022-04-03","dateModified":"2023-05-07","mainEntityOfPage":"https:\/\/www.etre.cz\/tekute-tapety-v-praxi\/","author":{"@type":"Person","@id":"https:\/\/www.etre.cz\/author\/#Person","name":"","url":"https:\/\/www.etre.cz\/author\/","identifier":1,"image":{"@type":"ImageObject","@id":"https:\/\/secure.gravatar.com\/avatar\/32bc2d377216483c132a3bbf038b8838926e0616f1b3d0e9cb50d997f0b052ba?s=96&d=mm&r=g","url":"https:\/\/secure.gravatar.com\/avatar\/32bc2d377216483c132a3bbf038b8838926e0616f1b3d0e9cb50d997f0b052ba?s=96&d=mm&r=g","height":96,"width":96}},"publisher":{"@type":"Organization","name":"etre.cz","logo":{"@type":"ImageObject","@id":"\/logo.png","url":"\/logo.png","width":600,"height":60}},"image":{"@type":"ImageObject","@id":"https:\/\/www.etre.cz\/wp-content\/uploads\/livingroom-275841_640_1.jpg","url":"https:\/\/www.etre.cz\/wp-content\/uploads\/livingroom-275841_640_1.jpg","height":0,"width":0},"wordCount":513,"keywords":null},{"@type":"Article","@id":"https:\/\/www.etre.cz\/co-je-http-response\/","headline":"Co je HTTP response?","url":"https:\/\/www.etre.cz\/co-je-http-response\/","datePublished":"2022-03-31","dateModified":"2023-05-07","mainEntityOfPage":"https:\/\/www.etre.cz\/co-je-http-response\/","author":{"@type":"Person","@id":"https:\/\/www.etre.cz\/author\/#Person","name":"","url":"https:\/\/www.etre.cz\/author\/","identifier":1,"image":{"@type":"ImageObject","@id":"https:\/\/secure.gravatar.com\/avatar\/32bc2d377216483c132a3bbf038b8838926e0616f1b3d0e9cb50d997f0b052ba?s=96&d=mm&r=g","url":"https:\/\/secure.gravatar.com\/avatar\/32bc2d377216483c132a3bbf038b8838926e0616f1b3d0e9cb50d997f0b052ba?s=96&d=mm&r=g","height":96,"width":96}},"publisher":{"@type":"Organization","name":"etre.cz","logo":{"@type":"ImageObject","@id":"\/logo.png","url":"\/logo.png","width":600,"height":60}},"image":{"@type":"ImageObject","@id":"https:\/\/www.etre.cz\/wp-content\/uploads\/http-ga2ac58cb5_640.jpg","url":"https:\/\/www.etre.cz\/wp-content\/uploads\/http-ga2ac58cb5_640.jpg","height":0,"width":0},"wordCount":574,"keywords":null},{"@type":"Article","@id":"https:\/\/www.etre.cz\/pitny-rezim\/","headline":"Pitn\u00fd re\u017eim","url":"https:\/\/www.etre.cz\/pitny-rezim\/","datePublished":"2022-03-31","dateModified":"2023-05-07","mainEntityOfPage":"https:\/\/www.etre.cz\/pitny-rezim\/","author":{"@type":"Person","@id":"https:\/\/www.etre.cz\/author\/#Person","name":"","url":"https:\/\/www.etre.cz\/author\/","identifier":1,"image":{"@type":"ImageObject","@id":"https:\/\/secure.gravatar.com\/avatar\/32bc2d377216483c132a3bbf038b8838926e0616f1b3d0e9cb50d997f0b052ba?s=96&d=mm&r=g","url":"https:\/\/secure.gravatar.com\/avatar\/32bc2d377216483c132a3bbf038b8838926e0616f1b3d0e9cb50d997f0b052ba?s=96&d=mm&r=g","height":96,"width":96}},"publisher":{"@type":"Organization","name":"etre.cz","logo":{"@type":"ImageObject","@id":"\/logo.png","url":"\/logo.png","width":600,"height":60}},"image":{"@type":"ImageObject","@id":"https:\/\/www.etre.cz\/wp-content\/uploads\/lavenders-ga70798b8c_640_1.jpg","url":"https:\/\/www.etre.cz\/wp-content\/uploads\/lavenders-ga70798b8c_640_1.jpg","height":0,"width":0},"wordCount":571,"keywords":null},{"@type":"Article","@id":"https:\/\/www.etre.cz\/jak-spravne-pouzivat-tablety-do-bazenu\/","headline":"Jak spr\u00e1vn\u011b pou\u017e\u00edvat tablety do baz\u00e9nu","url":"https:\/\/www.etre.cz\/jak-spravne-pouzivat-tablety-do-bazenu\/","datePublished":"2022-03-31","dateModified":"2023-05-07","mainEntityOfPage":"https:\/\/www.etre.cz\/jak-spravne-pouzivat-tablety-do-bazenu\/","author":{"@type":"Person","@id":"https:\/\/www.etre.cz\/author\/#Person","name":"","url":"https:\/\/www.etre.cz\/author\/","identifier":1,"image":{"@type":"ImageObject","@id":"https:\/\/secure.gravatar.com\/avatar\/32bc2d377216483c132a3bbf038b8838926e0616f1b3d0e9cb50d997f0b052ba?s=96&d=mm&r=g","url":"https:\/\/secure.gravatar.com\/avatar\/32bc2d377216483c132a3bbf038b8838926e0616f1b3d0e9cb50d997f0b052ba?s=96&d=mm&r=g","height":96,"width":96}},"publisher":{"@type":"Organization","name":"etre.cz","logo":{"@type":"ImageObject","@id":"\/logo.png","url":"\/logo.png","width":600,"height":60}},"image":{"@type":"ImageObject","@id":"https:\/\/www.etre.cz\/wp-content\/uploads\/bazen3_3.jpg","url":"https:\/\/www.etre.cz\/wp-content\/uploads\/bazen3_3.jpg","height":0,"width":0},"wordCount":581,"keywords":null},{"@type":"Article","@id":"https:\/\/www.etre.cz\/ochrana-oci-je-dulezita\/","headline":"Ochrana o\u010d\u00ed je d\u016fle\u017eit\u00e1!","url":"https:\/\/www.etre.cz\/ochrana-oci-je-dulezita\/","datePublished":"2022-03-24","dateModified":"2023-05-07","mainEntityOfPage":"https:\/\/www.etre.cz\/ochrana-oci-je-dulezita\/","author":{"@type":"Person","@id":"https:\/\/www.etre.cz\/author\/#Person","name":"","url":"https:\/\/www.etre.cz\/author\/","identifier":1,"image":{"@type":"ImageObject","@id":"https:\/\/secure.gravatar.com\/avatar\/32bc2d377216483c132a3bbf038b8838926e0616f1b3d0e9cb50d997f0b052ba?s=96&d=mm&r=g","url":"https:\/\/secure.gravatar.com\/avatar\/32bc2d377216483c132a3bbf038b8838926e0616f1b3d0e9cb50d997f0b052ba?s=96&d=mm&r=g","height":96,"width":96}},"publisher":{"@type":"Organization","name":"etre.cz","logo":{"@type":"ImageObject","@id":"\/logo.png","url":"\/logo.png","width":600,"height":60}},"image":{"@type":"ImageObject","@id":"https:\/\/www.etre.cz\/wp-content\/uploads\/pexels-d-c-cavalleri-11461430.jpg","url":"https:\/\/www.etre.cz\/wp-content\/uploads\/pexels-d-c-cavalleri-11461430.jpg","height":0,"width":0},"wordCount":643,"keywords":null},{"@type":"Article","@id":"https:\/\/www.etre.cz\/poridte-detem-jedinecne-omalovanky-s-masinkou-tomasem-a-podporte-jejich-rozvoj\/","headline":"Po\u0159i\u010fte d\u011btem jedine\u010dn\u00e9 omalov\u00e1nky s ma\u0161inkou Tom\u00e1\u0161em a podpo\u0159te jejich rozvoj","url":"https:\/\/www.etre.cz\/poridte-detem-jedinecne-omalovanky-s-masinkou-tomasem-a-podporte-jejich-rozvoj\/","datePublished":"2022-02-09","dateModified":"2022-02-09","mainEntityOfPage":"https:\/\/www.etre.cz\/poridte-detem-jedinecne-omalovanky-s-masinkou-tomasem-a-podporte-jejich-rozvoj\/","author":{"@type":"Person","@id":"https:\/\/www.etre.cz\/author\/#Person","name":"","url":"https:\/\/www.etre.cz\/author\/","identifier":1,"image":{"@type":"ImageObject","@id":"https:\/\/secure.gravatar.com\/avatar\/32bc2d377216483c132a3bbf038b8838926e0616f1b3d0e9cb50d997f0b052ba?s=96&d=mm&r=g","url":"https:\/\/secure.gravatar.com\/avatar\/32bc2d377216483c132a3bbf038b8838926e0616f1b3d0e9cb50d997f0b052ba?s=96&d=mm&r=g","height":96,"width":96}},"publisher":{"@type":"Organization","name":"etre.cz","logo":{"@type":"ImageObject","@id":"\/logo.png","url":"\/logo.png","width":600,"height":60}},"image":{"@type":"ImageObject","@id":"https:\/\/www.etre.cz\/wp-content\/uploads\/kid-gf4267f36f_640.jpg","url":"https:\/\/www.etre.cz\/wp-content\/uploads\/kid-gf4267f36f_640.jpg","height":0,"width":0},"wordCount":602,"keywords":null},{"@type":"Article","@id":"https:\/\/www.etre.cz\/v-cem-spociva-princip-americke-hypoteky\/","headline":"V \u010dem spo\u010d\u00edv\u00e1 princip americk\u00e9 hypot\u00e9ky","url":"https:\/\/www.etre.cz\/v-cem-spociva-princip-americke-hypoteky\/","datePublished":"2022-02-09","dateModified":"2023-05-07","mainEntityOfPage":"https:\/\/www.etre.cz\/v-cem-spociva-princip-americke-hypoteky\/","author":{"@type":"Person","@id":"https:\/\/www.etre.cz\/author\/#Person","name":"","url":"https:\/\/www.etre.cz\/author\/","identifier":1,"image":{"@type":"ImageObject","@id":"https:\/\/secure.gravatar.com\/avatar\/32bc2d377216483c132a3bbf038b8838926e0616f1b3d0e9cb50d997f0b052ba?s=96&d=mm&r=g","url":"https:\/\/secure.gravatar.com\/avatar\/32bc2d377216483c132a3bbf038b8838926e0616f1b3d0e9cb50d997f0b052ba?s=96&d=mm&r=g","height":96,"width":96}},"publisher":{"@type":"Organization","name":"etre.cz","logo":{"@type":"ImageObject","@id":"\/logo.png","url":"\/logo.png","width":600,"height":60}},"image":{"@type":"ImageObject","@id":"https:\/\/www.etre.cz\/wp-content\/uploads\/hypoteka4_10_10_10_10_10_10_10_2.jpg","url":"https:\/\/www.etre.cz\/wp-content\/uploads\/hypoteka4_10_10_10_10_10_10_10_2.jpg","height":0,"width":0},"wordCount":671,"keywords":null},{"@type":"Article","@id":"https:\/\/www.etre.cz\/nabytek-v-retro-a-vintage-stylu-muzete-mit-doma-i-vy\/","headline":"N\u00e1bytek v retro a vintage stylu m\u016f\u017eete m\u00edt doma i vy","url":"https:\/\/www.etre.cz\/nabytek-v-retro-a-vintage-stylu-muzete-mit-doma-i-vy\/","datePublished":"2022-01-25","dateModified":"2023-05-07","mainEntityOfPage":"https:\/\/www.etre.cz\/nabytek-v-retro-a-vintage-stylu-muzete-mit-doma-i-vy\/","author":{"@type":"Person","@id":"https:\/\/www.etre.cz\/author\/#Person","name":"","url":"https:\/\/www.etre.cz\/author\/","identifier":1,"image":{"@type":"ImageObject","@id":"https:\/\/secure.gravatar.com\/avatar\/32bc2d377216483c132a3bbf038b8838926e0616f1b3d0e9cb50d997f0b052ba?s=96&d=mm&r=g","url":"https:\/\/secure.gravatar.com\/avatar\/32bc2d377216483c132a3bbf038b8838926e0616f1b3d0e9cb50d997f0b052ba?s=96&d=mm&r=g","height":96,"width":96}},"publisher":{"@type":"Organization","name":"etre.cz","logo":{"@type":"ImageObject","@id":"\/logo.png","url":"\/logo.png","width":600,"height":60}},"image":{"@type":"ImageObject","@id":"https:\/\/www.etre.cz\/wp-content\/uploads\/vintage-gf4a791c15_640.jpg","url":"https:\/\/www.etre.cz\/wp-content\/uploads\/vintage-gf4a791c15_640.jpg","height":0,"width":0},"wordCount":603,"keywords":null},{"@type":"Article","@id":"https:\/\/www.etre.cz\/kdy-je-zapujcka-penez-dobry-napad\/","headline":"Kdy je z\u00e1p\u016fj\u010dka pen\u011bz dobr\u00fd n\u00e1pad","url":"https:\/\/www.etre.cz\/kdy-je-zapujcka-penez-dobry-napad\/","datePublished":"2021-12-08","dateModified":"2023-05-07","mainEntityOfPage":"https:\/\/www.etre.cz\/kdy-je-zapujcka-penez-dobry-napad\/","author":{"@type":"Person","@id":"https:\/\/www.etre.cz\/author\/#Person","name":"","url":"https:\/\/www.etre.cz\/author\/","identifier":1,"image":{"@type":"ImageObject","@id":"https:\/\/secure.gravatar.com\/avatar\/32bc2d377216483c132a3bbf038b8838926e0616f1b3d0e9cb50d997f0b052ba?s=96&d=mm&r=g","url":"https:\/\/secure.gravatar.com\/avatar\/32bc2d377216483c132a3bbf038b8838926e0616f1b3d0e9cb50d997f0b052ba?s=96&d=mm&r=g","height":96,"width":96}},"publisher":{"@type":"Organization","name":"etre.cz","logo":{"@type":"ImageObject","@id":"\/logo.png","url":"\/logo.png","width":600,"height":60}},"image":{"@type":"ImageObject","@id":"https:\/\/www.etre.cz\/wp-content\/uploads\/pujcka2_6.png","url":"https:\/\/www.etre.cz\/wp-content\/uploads\/pujcka2_6.png","height":0,"width":0},"wordCount":639,"keywords":null},{"@type":"Article","@id":"https:\/\/www.etre.cz\/vysavac-do-bazenu-nezbytna-pomucka-pro-udrzeni-cistoty-vody\/","headline":"Vysava\u010d do baz\u00e9nu \u2013 nezbytn\u00e1 pom\u016fcka pro udr\u017een\u00ed \u010distoty vody","url":"https:\/\/www.etre.cz\/vysavac-do-bazenu-nezbytna-pomucka-pro-udrzeni-cistoty-vody\/","datePublished":"2021-11-18","dateModified":"2023-05-07","mainEntityOfPage":"https:\/\/www.etre.cz\/vysavac-do-bazenu-nezbytna-pomucka-pro-udrzeni-cistoty-vody\/","author":{"@type":"Person","@id":"https:\/\/www.etre.cz\/author\/#Person","name":"","url":"https:\/\/www.etre.cz\/author\/","identifier":1,"image":{"@type":"ImageObject","@id":"https:\/\/secure.gravatar.com\/avatar\/32bc2d377216483c132a3bbf038b8838926e0616f1b3d0e9cb50d997f0b052ba?s=96&d=mm&r=g","url":"https:\/\/secure.gravatar.com\/avatar\/32bc2d377216483c132a3bbf038b8838926e0616f1b3d0e9cb50d997f0b052ba?s=96&d=mm&r=g","height":96,"width":96}},"publisher":{"@type":"Organization","name":"etre.cz","logo":{"@type":"ImageObject","@id":"\/logo.png","url":"\/logo.png","width":600,"height":60}},"image":{"@type":"ImageObject","@id":"https:\/\/www.etre.cz\/wp-content\/uploads\/feet-1853291_640.jpg","url":"https:\/\/www.etre.cz\/wp-content\/uploads\/feet-1853291_640.jpg","height":0,"width":0},"wordCount":525,"keywords":null}]},{"@context":"https:\/\/schema.org","@type":"WebSite","@id":"https:\/\/www.etre.cz\/#website","name":"Etre","url":"https:\/\/www.etre.cz","potentialAction":{"@type":"SearchAction","target":"https:\/\/www.etre.cz\/?s={search_term_string}","query-input":"required name=search_term_string"}}]