[{"@context":"https:\/\/schema.org\/","@type":"Article","@id":"https:\/\/www.etre.cz\/ochrana-oci-je-dulezita\/#Article","mainEntityOfPage":"https:\/\/www.etre.cz\/ochrana-oci-je-dulezita\/","headline":"Ochrana o\u010d\u00ed je d\u016fle\u017eit\u00e1!","name":"Ochrana o\u010d\u00ed je d\u016fle\u017eit\u00e1!","description":"Za\u010d\u00edn\u00e1 n\u00e1m kone\u010dn\u011b do k\u016f\u017ee pronikat vitam\u00edn D a my si u\u017e\u00edv\u00e1me tepl\u00fdch dn\u00ed. Jsme na za\u010d\u00e1tku ide\u00e1ln\u00edho po\u010das\u00ed na r\u016fzn\u00e9 aktivity. Obnovujeme si \u0161atn\u00edky a nezapom\u00edn\u00e1me ani na dopl\u0148ky, kter\u00e9 z n\u00e1s ud\u011blaj\u00ed hv\u011bzdu. Jste na za\u010d\u00e1tku sv\u00fdch n\u00e1kup\u016f anebo ji\u017e vyb\u00edr\u00e1te posledn\u00ed kousky? Nezapom\u00ednejme hlavn\u011b tak\u00e9 na ochranu","datePublished":"2022-03-24","dateModified":"2023-05-07","author":{"@type":"Person","@id":"https:\/\/www.etre.cz\/author\/#Person","name":"","url":"https:\/\/www.etre.cz\/author\/","identifier":1,"image":{"@type":"ImageObject","@id":"https:\/\/secure.gravatar.com\/avatar\/32bc2d377216483c132a3bbf038b8838926e0616f1b3d0e9cb50d997f0b052ba?s=96&d=mm&r=g","url":"https:\/\/secure.gravatar.com\/avatar\/32bc2d377216483c132a3bbf038b8838926e0616f1b3d0e9cb50d997f0b052ba?s=96&d=mm&r=g","height":96,"width":96}},"publisher":{"@type":"Organization","name":"etre.cz","logo":{"@type":"ImageObject","@id":"\/logo.png","url":"\/logo.png","width":600,"height":60}},"image":{"@type":"ImageObject","@id":"https:\/\/www.etre.cz\/wp-content\/uploads\/pexels-d-c-cavalleri-11461430.jpg","url":"https:\/\/www.etre.cz\/wp-content\/uploads\/pexels-d-c-cavalleri-11461430.jpg","height":0,"width":0},"url":"https:\/\/www.etre.cz\/ochrana-oci-je-dulezita\/","about":["V\u00fdrobky"],"wordCount":454,"articleBody":"         Za\u010d\u00edn\u00e1 n\u00e1m kone\u010dn\u011b do k\u016f\u017ee pronikat vitam\u00edn D a my si u\u017e\u00edv\u00e1me tepl\u00fdch dn\u00ed. Jsme na za\u010d\u00e1tku ide\u00e1ln\u00edho po\u010das\u00ed na r\u016fzn\u00e9 aktivity. Obnovujeme si \u0161atn\u00edky a nezapom\u00edn\u00e1me ani na dopl\u0148ky, kter\u00e9 z n\u00e1s ud\u011blaj\u00ed hv\u011bzdu. Jste na za\u010d\u00e1tku sv\u00fdch n\u00e1kup\u016f anebo ji\u017e vyb\u00edr\u00e1te posledn\u00ed kousky? Nezapom\u00ednejme hlavn\u011b tak\u00e9 na ochranu na o\u010di. Zrak si mus\u00edme chr\u00e1nit za ka\u017edou cenu a byla by \u0161koda opomenout jednu mali\u010dkost. Kr\u00e1sn\u00e9 slune\u010dn\u00ed br\u00fdle \u010dekaj\u00ed jen na V\u00e1s. Vyberte si z kategorie \u2013 slune\u010dn\u00ed br\u00fdle d\u00e1msk\u00e9.V\u00fdb\u011br ze slune\u010dn\u00edch br\u00fdl\u00edch je obrovsk\u00fd. A\u0165 u\u017e se jedn\u00e1 o celkov\u00fd vzhled nebo vlastnost\u00ed, druh\u016f je opravdu enormn\u00ed mno\u017estv\u00ed. Po\u0159\u00eddit si jedny, dvoje nebo klidn\u011b patery nem\u016f\u017ee b\u00fdt na \u0161kodu. Pot\u0159ebujeme br\u00fdle do auta, kde n\u00e1s ochr\u00e1n\u00ed od nep\u0159\u00edjemn\u00e9ho sv\u011btla, kdy\u017e \u0159\u00edd\u00edme \u2013 p\u0159edev\u0161\u00edm v rann\u00edch hodin\u00e1ch. Pot\u0159ebujeme br\u00fdle na b\u011b\u017en\u00e9 no\u0161en\u00ed nebo k vybran\u00fdm kousk\u016fm oble\u010den\u00ed, kter\u00e9 milujeme a m\u016f\u017eeme si po\u0159\u00eddit i n\u011bjak\u00e9 bl\u00e1zniv\u00e9 br\u00fdle, jen tak pro radost. M\u016f\u017eeme \u0159\u00edct, \u017ee se jedn\u00e1 o produkt ur\u010den\u00fd pro celou rodinu. I ti nejmen\u0161\u00ed z n\u00e1s pot\u0159ebuj\u00ed chr\u00e1nit svoje o\u010di. Slun\u00ed\u010dko je sice \u00fa\u017easn\u00e9, ale m\u016f\u017ee b\u00fdt i \u0161kodliv\u00e9.N\u011bkdo ob\u010das \u0159\u00edk\u00e1, \u017ee br\u00fdle \u017e\u00e1dn\u00e9 nechce, proto\u017ee v nich nevypad\u00e1 dob\u0159e. Ano, n\u011bkdy to tak opravdu je, a proto je pot\u0159eba si nejd\u0159\u00edve p\u00e1r br\u00fdl\u00ed vyzkou\u0161et, abyste sami vid\u011bli, kter\u00fd styl V\u00e1m sed\u00ed nejv\u00edce. N\u011bkomu slu\u0161\u00ed \u00fapln\u011b v\u0161echno. Od kulat\u00fdch skl\u00ed\u010dek po hranat\u00e9 a v\u0161emo\u017en\u011b barevn\u00e9. N\u011bkdo si ale nasad\u00ed br\u00fdle a vypad\u00e1 jako vosa na bonb\u00f3nu. Pokud jste si jednou dvakr\u00e1t vyzkou\u0161eli br\u00fdle a ihned jste mo\u017enost no\u0161en\u00ed odm\u00edtli, je to velik\u00e1 \u0161koda. Trp\u011blivost p\u0159in\u00e1\u0161\u00ed r\u016f\u017ee, a hlavn\u011b ochranu zraku. J\u00e1 osobn\u011b jsem si musela vyzkou\u0161et hned n\u011bkolik typ\u016f br\u00fdl\u00ed. Nakonec jsem ale svoje favority na\u0161la a d\u00edky nich v\u00edm, co mi slu\u0161\u00ed. V tomhle p\u0159\u00edpad\u011b jde hodn\u011b o tvar obli\u010deje, jak\u00fd m\u00e1te a ob\u010das i \u00fa\u010des \u0159\u00edk\u00e1 sv\u00e9. Pokud se nec\u00edt\u00edte, vyzkou\u0161ejte si n\u011bkdy rozpustit vlasy anebo naopak hodit vlasy do cul\u00edku. Mo\u017en\u00e1 to bude lep\u0161\u00ed, ne\u017e si mysl\u00edte.                                                                                                                                                                                                                                                                                                                                                                                          4.8\/5 - (9 votes)        "},{"@context":"https:\/\/schema.org\/","@type":"BreadcrumbList","itemListElement":[{"@type":"ListItem","position":1,"name":"Ochrana o\u010d\u00ed je d\u016fle\u017eit\u00e1!","item":"https:\/\/www.etre.cz\/ochrana-oci-je-dulezita\/#breadcrumbitem"}]}]