[{"@context":"https:\/\/schema.org\/","@type":"Article","@id":"https:\/\/www.etre.cz\/nemracte-se-jiz-dnes-si-muzete-rezervovat-vasi-letni-dovolenou-2015\/#Article","mainEntityOfPage":"https:\/\/www.etre.cz\/nemracte-se-jiz-dnes-si-muzete-rezervovat-vasi-letni-dovolenou-2015\/","headline":"Nemra\u010dte se, ji\u017e dnes si m\u016f\u017eete rezervovat Va\u0161i letn\u00ed dovolenou 2015","name":"Nemra\u010dte se, ji\u017e dnes si m\u016f\u017eete rezervovat Va\u0161i letn\u00ed dovolenou 2015","description":"Jak je to mo\u017en\u00e9? No skute\u010dn\u011b to jde, pod\u00edvejte se sami na aktu\u00e1ln\u00ed nab\u00eddku cestovn\u00ed kancel\u00e1\u0159e ABC, kter\u00e1 se soust\u0159ed\u00ed na zprost\u0159edkov\u00e1n\u00ed dovolen\u00e9. Pos\u00edl\u00e1 spokojen\u00e9 z\u00e1kazn\u00edky na kr\u00e1sn\u00fd ostrov Krk, kam i Vy m\u016f\u017eete sm\u011b\u0159ovat Va\u0161\u00ed dovolenou. A pro\u010d V\u00e1m to cel\u00e9 popisujeme? Proto\u017ee do konce tohoto roku si nav\u00edc","datePublished":"2023-06-08","dateModified":"2024-06-09","author":{"@type":"Person","@id":"https:\/\/www.etre.cz\/author\/#Person","name":"","url":"https:\/\/www.etre.cz\/author\/","identifier":1,"image":{"@type":"ImageObject","@id":"https:\/\/secure.gravatar.com\/avatar\/32bc2d377216483c132a3bbf038b8838926e0616f1b3d0e9cb50d997f0b052ba?s=96&d=mm&r=g","url":"https:\/\/secure.gravatar.com\/avatar\/32bc2d377216483c132a3bbf038b8838926e0616f1b3d0e9cb50d997f0b052ba?s=96&d=mm&r=g","height":96,"width":96}},"publisher":{"@type":"Organization","name":"etre.cz","logo":{"@type":"ImageObject","@id":"\/logo.png","url":"\/logo.png","width":600,"height":60}},"url":"https:\/\/www.etre.cz\/nemracte-se-jiz-dnes-si-muzete-rezervovat-vasi-letni-dovolenou-2015\/","wordCount":219,"articleBody":"Jak je to mo\u017en\u00e9? No skute\u010dn\u011b to jde, pod\u00edvejte se sami na aktu\u00e1ln\u00ed nab\u00eddku cestovn\u00ed kancel\u00e1\u0159e ABC, kter\u00e1 se soust\u0159ed\u00ed na zprost\u0159edkov\u00e1n\u00ed dovolen\u00e9. Pos\u00edl\u00e1 spokojen\u00e9 z\u00e1kazn\u00edky na kr\u00e1sn\u00fd ostrov Krk, kam i Vy m\u016f\u017eete sm\u011b\u0159ovat Va\u0161\u00ed dovolenou. A pro\u010d V\u00e1m to cel\u00e9 popisujeme? Proto\u017ee do konce tohoto roku si nav\u00edc m\u016f\u017eete zajistit takovou dovolenou za sn\u00ed\u017eenou cenu, kter\u00e1 V\u00e1s rozhodn\u011b velice mile p\u0159ekvap\u00ed. Pod\u00edvejte se sami a vyberte si m\u011bste\u010dko a ubytovac\u00ed jednotku, ve kter\u00e9 si p\u0159ejete b\u00fdti ubytov\u00e1ni.B\u00e1je\u010dn\u00e1 a proslun\u011bn\u00e1 dovolen\u00e1 v Dalm\u00e1ciiTak to je n\u011bco, o \u010dem jste ji\u017e dlouho snili? Zarezervujte si takovou je\u0161t\u011b do konce tohoto roku a nebudete litovat. Nav\u00edc se V\u00e1m nestane, \u017ee byste \u0159e\u0161en\u00ed takov\u00e9 letn\u00ed dovolen\u00e9 nechali p\u0159\u00ed\u0161t\u00ed rok na posledn\u00ed chv\u00edli a t\u00edm V\u00e1m tak na to nezbyly pen\u00edze. Nap\u0159\u00edklad ostrov Krk je ide\u00e1ln\u00edm m\u00edstem, kam byste m\u011bli vyrazit, pokud si za c\u00edl Va\u0161\u00ed dovolen\u00e9 zvol\u00edte nedalek\u00e9 Chorvatsko. Nav\u00edc je tento ostrov docela bl\u00edzko, tak\u017ee se nebudete muset tr\u00e1pit hodinami na cest\u00e1ch.                                                                                                                                                                                                                                                                                                                                                                                        4.2\/5 - (6 votes)        "},{"@context":"https:\/\/schema.org\/","@type":"BreadcrumbList","itemListElement":[{"@type":"ListItem","position":1,"name":"Nemra\u010dte se, ji\u017e dnes si m\u016f\u017eete rezervovat Va\u0161i letn\u00ed dovolenou 2015","item":"https:\/\/www.etre.cz\/nemracte-se-jiz-dnes-si-muzete-rezervovat-vasi-letni-dovolenou-2015\/#breadcrumbitem"}]}]