[{"@context":"https:\/\/schema.org\/","@type":"Article","@id":"https:\/\/www.etre.cz\/i-na-kvalite-papiru-zalezi\/#Article","mainEntityOfPage":"https:\/\/www.etre.cz\/i-na-kvalite-papiru-zalezi\/","headline":"I na kvalit\u011b pap\u00edru z\u00e1le\u017e\u00ed","name":"I na kvalit\u011b pap\u00edru z\u00e1le\u017e\u00ed","description":"Svatebn\u00ed ozn\u00e1men\u00ed Na\u0161li jste si l\u00e1sku na cel\u00fd \u017eivot a rozhodli jste se, \u017ee vstoup\u00edte spole\u010dn\u011b do man\u017eelstv\u00ed? Je na \u010dase za\u010d\u00edt za\u0159izovat svatbu, svatebn\u00ed hostinu a v\u0161e kolem toho velk\u00e9ho ob\u0159adu, na kter\u00fd budete vzpom\u00ednat do konce \u017eivota. Za\u010dn\u011bte u takov\u00e9 mali\u010dkosti, kter\u00e1 je av\u0161ak v\u00edce ne\u017e d\u016fle\u017eit\u00e1. V\u00e1m","datePublished":"2025-03-16","dateModified":"2025-03-16","author":{"@type":"Person","@id":"https:\/\/www.etre.cz\/author\/#Person","name":"","url":"https:\/\/www.etre.cz\/author\/","identifier":1,"image":{"@type":"ImageObject","@id":"https:\/\/secure.gravatar.com\/avatar\/32bc2d377216483c132a3bbf038b8838926e0616f1b3d0e9cb50d997f0b052ba?s=96&d=mm&r=g","url":"https:\/\/secure.gravatar.com\/avatar\/32bc2d377216483c132a3bbf038b8838926e0616f1b3d0e9cb50d997f0b052ba?s=96&d=mm&r=g","height":96,"width":96}},"publisher":{"@type":"Organization","name":"etre.cz","logo":{"@type":"ImageObject","@id":"\/logo.png","url":"\/logo.png","width":600,"height":60}},"url":"https:\/\/www.etre.cz\/i-na-kvalite-papiru-zalezi\/","wordCount":173,"articleBody":" Svatebn\u00ed ozn\u00e1men\u00ed Na\u0161li jste si l\u00e1sku na cel\u00fd \u017eivot a rozhodli jste se, \u017ee vstoup\u00edte spole\u010dn\u011b do man\u017eelstv\u00ed? Je na \u010dase za\u010d\u00edt za\u0159izovat svatbu, svatebn\u00ed hostinu a v\u0161e kolem toho velk\u00e9ho ob\u0159adu, na kter\u00fd budete vzpom\u00ednat do konce \u017eivota. Za\u010dn\u011bte u takov\u00e9 mali\u010dkosti, kter\u00e1 je av\u0161ak v\u00edce ne\u017e d\u016fle\u017eit\u00e1. V\u00e1m umo\u017e\u0148uje skv\u011blou v\u011bc, a to ozn\u00e1mit komukoliv, \u017ee se s partnerem milujete a \u017ee chcete uzav\u0159\u00edt tento kr\u00e1sn\u00fd s\u0148atek. Pr\u00e1v\u011b proto by m\u011blo b\u00fdt ozn\u00e1men\u00ed opravdu kr\u00e1sn\u00e9 a stylov\u00e9 a m\u011blo by se l\u00edbit. Uspokoj\u00edme v\u00e1s Na\u0161e svatebn\u00ed ozn\u00e1men\u00ed b\u00fdvaj\u00ed opravdu kvalitn\u00ed a precizn\u011b zpracovan\u00e9, tud\u00ed\u017e dok\u00e1\u017eou uspokojit i ty nejn\u00e1ro\u010dn\u011bj\u0161\u00ed z\u00e1kazn\u00edky, kte\u0159\u00ed si potrp\u00ed na originalitu a opravdovou kvalitu. D\u00e1me si z\u00e1le\u017eet na tom, aby ozn\u00e1men\u00ed o va\u0161\u00ed svatb\u011b bylo b\u00e1je\u010dn\u00e9.                                                                                                                                                                                                                                                                                                                                                                                                "},{"@context":"https:\/\/schema.org\/","@type":"BreadcrumbList","itemListElement":[{"@type":"ListItem","position":1,"name":"I na kvalit\u011b pap\u00edru z\u00e1le\u017e\u00ed","item":"https:\/\/www.etre.cz\/i-na-kvalite-papiru-zalezi\/#breadcrumbitem"}]}]